{"id":353003,"date":"2026-01-12T16:42:11","date_gmt":"2026-01-12T16:42:11","guid":{"rendered":"https:\/\/www.syncm.net\/?p=353003"},"modified":"2026-01-18T16:15:45","modified_gmt":"2026-01-18T16:15:45","slug":"as-14-obras-de-niemeyer-no-nordeste-rumo-aos-200","status":"publish","type":"post","link":"https:\/\/www.syncm.net\/?p=353003","title":{"rendered":"As 14 obras de Niemeyer no Nordeste Rumo aos 200 anos"},"content":{"rendered":"<div id=\"toc\" style=\"background: #f9f9f9;border: 1px solid #aaa;display: table;margin-bottom: 1em;padding: 1em;width: 350px;\">\n<p class=\"toctitle\" style=\"font-weight: 700;text-align: center;\">Content<\/p>\n<ul class=\"toc_list\">\n<li><a href=\"#toc-2\">Especialistas explicam influ\u00eancia do Brasil na atual geopol\u00edtica mundial<\/a><\/li>\n<li><a href=\"#toc-4\">Pra\u00e7a da Liberdade<\/a><\/li>\n<li><a href=\"#toc-5\">N\u00e1utico se posiciona no TJD-PE contra pedido do Sport de ter torcida visitante no cl\u00e1ssico<\/a><\/li>\n<\/ul>\n<\/div>\n<p>&amp;#128205; Parque Dona Lindu &#8211; Av. Na \u00e1rea externa, o p\u00fablico pode aproveitar uma feirinha de artesanato, food park, karaok\u00ea e atividades recreativas e de leitura. A \u00e1rea verde tem esculturas, quadras, playground e pista de caminhada.<\/p>\n<p>Al\u00e9m disso, essas linhas de \u00f4nibus passam por v\u00e1rias outras \u00e1reas importantes, o que permite que as pessoas aproveitem ainda mais sua visita ao parque e explorem outras partes da cidade. Com muitas \u00e1reas de piquenique dispon\u00edveis, os visitantes podem desfrutar de uma refei\u00e7\u00e3o ao ar livre enquanto desfrutam da bela vista do parque. Isso significa que h\u00e1 grandes espa\u00e7os abertos e \u00e1reas verdes para que as pessoas possam desfrutar do ar livre e da natureza. A popula\u00e7\u00e3o local tem se beneficiado do espa\u00e7o verde e das atividades oferecidas no parque, que tem se tornado um importante ponto de encontro e lazer para a comunidade. Apesar disso, o espa\u00e7o foi pouco a pouco sendo apropriado pelos moradores do bairro e do entorno, atendendo uma popula\u00e7\u00e3o carente de \u00e1reas culturais e de lazer.<\/p>\n<p>A programa\u00e7\u00e3o come\u00e7a com um cortejo do S\u00edtio do Pai Ad\u00e3o at\u00e9 a quadra da escola de samba, onde diversas agremia\u00e7\u00f5es se apresentam. O projeto Cores&amp;Rimas chega ao bairro do Barro, na Zona Oeste do Recife, com shows de Okado do Canal, Bione, Jovem Lee, Treice, Alexia Milena. A abertura acontece na sexta-feira (25), a partir das 16h, no Parque da Macaxeira, na Zona Norte da cidade. Cena do espet\u00e1culo &quot;Circo Science &#8211; do mangue ao picadeiro&quot;, que est\u00e1 na programa\u00e7\u00e3o do Palco Girat\u00f3rio. &amp;#128205; Pra\u00e7a de Nossa Senhora dos Prazeres, Jaboat\u00e3o dos Guararapes A programa\u00e7\u00e3o \u00e9 a parte profana da Festa de Nossa Senhora dos Prazeres, no Parque Nacional Hist\u00f3rico dos Guararapes, que este ano chega \u00e0 368\u00aa edi\u00e7\u00e3o.<\/p>\n<ul>\n<li>Na \u00e1rea externa, o p\u00fablico pode aproveitar uma feirinha de artesanato, food park, karaok\u00ea e atividades recreativas e de leitura.<\/li>\n<li>Ciclo natalino da Prefeitura do RecifeNo \u00faltimo fim de semana de 2024, da sexta (27) ao domingo (29), a programa\u00e7\u00e3o natalina, oferecida pela Secretaria de Cultura e pela Funda\u00e7\u00e3o de Cultura Cidade do Recife, apresentar\u00e1 as derradeiras 36 atra\u00e7\u00f5es, entre bois, orquestras e muitos pastoris, tingindo a cidade com o azul e o encarnado do ciclo.<\/li>\n<li>A pra\u00e7a do Dona Lindu recebeu um grande p\u00fablico para o concerto inaugural do Ciclo Natalino.<\/li>\n<li>Nesse caso, dependendo do show, cadeiras s\u00e3o colocadas para o p\u00fablico e em outros os shows s\u00e3o assistidos em p\u00e9.<\/li>\n<li>O Parque Dona Lindu \u00e9 um verdadeiro tesouro escondido no bairro de Boa Viagem, na cidade de Recife PE, Brasil.<\/li>\n<\/ul>\n<h2 id=\"toc-0\">A marca de Oscar Niemeyer no Recife<\/h2>\n<p>O teatro tem ainda cadeiras para pessoas obesas e espa\u00e7o para cadeirantes. O espa\u00e7o tem 587 lugares e palco revers\u00edvel para a esplanada. O espa\u00e7o conta com uma quadra poliesportiva, uma pista de skate \u00fanica no <a href=\"https:\/\/www.parquedonalindu.com\/\">parque dona lindu<\/a> norte e nordeste no formato bowl, uma pista de cooper e um parque infantil.<\/p>\n<p>Em 26 de mar\u00e7o de 2011, o Parque Dona Lindu Boa Viagem foi inaugurado, alheio \u00e0s pol\u00eamicas que envolvem o projeto, especialmente quanto \u00e0s \u00e1reas de concreto. Em homenagem ao presidente brasileiro Luiz In\u00e1cio Lula da Silva por meio de sua m\u00e3e, Dona Lindu. Conta tamb\u00e9m com teatro, pavilh\u00e3o para exposi\u00e7\u00f5es, restaurante, sanit\u00e1rios, frald\u00e1rio e central t\u00e9cnica.<\/p>\n<h3 id=\"toc-1\">Show de Chico Chico<\/h3>\n<p>Abaixo, confira a lista de\u00a0institui\u00e7\u00f5es que fazem parte da exposi\u00e7\u00e3o O obuseiro, tido como \u201cprimo do canh\u00e3o\u201d, tamb\u00e9m est\u00e1 entre os materiais mais visitados da exposi\u00e7\u00e3o em Boa Viagem. Presente na exposi\u00e7\u00e3o, o sargento Elias, do 10\u00ba Esquadr\u00e3o de Cavalaria Mecanizado ( 10EsqCMec), detalhou o funcionamento de um dos carros mais visitados. Nesse \u00faltimo dia, a\u00a0partir das 17h ter\u00e1 a apresenta\u00e7\u00e3o da banda de m\u00fasica do Comando Militar do Nordeste (CMNE) e a demonstra\u00e7\u00e3o dos c\u00e3es de guerra do 4\u00ba Batalh\u00e3o de Pol\u00edcia do Ex\u00e9rcito &#8211; Jo\u00e3o Fernandes Vieira (4\u00b0BPE). A exposi\u00e7\u00e3o das pe\u00e7as foi iniciada nesta quinta-feira (20) e tamb\u00e9m estar\u00e1 de \u201cportas abertas\u201d das 10h at\u00e9 \u00e0s 19h do s\u00e1bado (22). Na parte externa, tanques de guerra e outros carros de combate chamam aten\u00e7\u00e3o do p\u00fablico, que registra imagens e tem a experi\u00eancia de conversar com alguns soldados.<\/p>\n<h3 id=\"toc-2\">Especialistas explicam influ\u00eancia do Brasil na atual geopol\u00edtica mundial<\/h3>\n<p>Isso torna f\u00e1cil para as pessoas chegarem ao parque, independentemente de onde estejam vindo. O Parque Dona Lindu fica em uma localiza\u00e7\u00e3o conveniente, permitindo que as pessoas possam facilmente acess\u00e1-lo usando transporte p\u00fablico. Se voc\u00ea estiver procurando por uma forma de se conectar com a natureza e desfrutar de um dia tranquilo, ou explorar as artes e cultura da regi\u00e3o, o Parque Dona Lindu \u00e9 uma escolha perfeita.<\/p>\n<p>A entrada do teatro Luiz Mendon\u00e7a tem rampa, assim como o acesso ao foyer e aos camarins. Por ter um p\u00e9 direito duplo, o espa\u00e7o consegue abrigar pe\u00e7as de grandes dimens\u00f5es.Todos os espa\u00e7os prezam pela acessibilidade para pessoas com defici\u00eancia ou dificuldade de locomo\u00e7\u00e3o. Com isso, podem ser realizados grandes shows ao ar livre.J\u00e1 a galeria, que homenageia a arquiteta e designer pernambucana Janete Costa, conta com uma sala principal no t\u00e9rreo e um mezanino. O Parque Dona Lindu tem projeto arquitet\u00f4nico assinado pelo renomado Oscar Niemeyer.<\/p>\n<h2 id=\"toc-4\">Pra\u00e7a da Liberdade<\/h2>\n<p>A turn\u00ea, iniciada no Rock in Rio 2024, prop\u00f5e uma &quot;experi\u00eancia visceral&quot; com est\u00e9tica pop e elementos urbanos do rock e da m\u00fasica eletr\u00f4nica, al\u00e9m ritmos populares como boi, bai\u00e3o, maracatu, galope e pagod\u00e3o. O artista pl\u00e1stico Diogum assina a exposi\u00e7\u00e3o individual &quot;Ferro If\u00e9 \u2014 O atl\u00e2ntico negro de Diogum&quot;. &amp;#128205; Pra\u00e7a da UR 06, S\/N, Ibura &#8211; Recife &amp;#127903;\ufe0f R$ 25 (meia) e R$ 50, \u00e0 venda na bilheteria do teatro Os homenageados do evento s\u00e3o Betto do Bandolim e o grupo Brasil Sonoro, que tamb\u00e9m participam da programa\u00e7\u00e3o.<\/p>\n<p>No projeto, o artista alia suas experi\u00eancias adquiridas no terreiro cultural urbano, o Daru\u00ea Malungo, \u00e0s dan\u00e7as populares do Nordeste em uma busca pelas motrizes do corpo que dan\u00e7a e brinca na cena. A artista vem com banda, vai trazer grandes proje\u00e7\u00f5es dos seus clipes e um repert\u00f3rio de sucessos para trazer as lembran\u00e7as do projeto \u201cContarolando\u201d.No palco teatro, ainda ir\u00e3o subir a Palha\u00e7a Baju, com seu show musical \u201cBaju &amp; Banda\u201d cheio de humor e poesia, na companhia dos palha\u00e7os Aurhelia e Marmelo, e o espet\u00e1culo \u201cE o Palha\u00e7o, tem concerto? Atra\u00e7\u00f5esA programa\u00e7\u00e3o do Mini re\u00fane atra\u00e7\u00f5es como o pianista Amaro Freitas (PE), que apresenta seu primeiro concerto solo voltado para o p\u00fablico infantil, no Teatro Luiz Mendon\u00e7a; Denise Stoklos (SP), com seu solo \u201cDenise Stoklos em Teatro Para Crian\u00e7as\u201d, na Galeria Janete Costa, onde ela conta a hist\u00f3ria do Teatro utilizando da m\u00fasica e da m\u00edmica.O Grupo Cultural P\u00e9 de Cerrado (DF) vai trazer pela primeira vez para o Recife o seu espet\u00e1culo P\u00e9 de Moleque, no Palco Meu Terreiro, montado na esplanada do Lindu. Na \u00e9poca em que o projeto foi divulgado e as obras iniciadas, muitos recifenses protestaram alegando que o Parque Dona Lindu \u201cera um bloco de concreto que n\u00e3o contemplava espa\u00e7o para \u00e1rea verde\u201d e que \u201cparecia tudo, menos uma obra de Niemeyer. \u00c9 importante destacar que em casos de apresenta\u00e7\u00f5es ao ar livre, o p\u00fablico atendido \u00e9 de mais de tr\u00eas mil pessoas, o que \u00e9 uma grande vantagem para o teatro.<\/p>\n","protected":false},"excerpt":{"rendered":"<p>Content Especialistas explicam influ\u00eancia do Brasil na atual geopol\u00edtica mundial Pra\u00e7a da Liberdade N\u00e1utico se posiciona no TJD-PE contra pedido do Sport de ter torcida visitante no cl\u00e1ssico &amp;#128205; Parque Dona Lindu &#8211; Av. Na \u00e1rea externa, o p\u00fablico pode aproveitar uma feirinha de artesanato, food park, karaok\u00ea e atividades recreativas e de leitura. A &hellip;<\/p>\n<p class=\"read-more\"> <a class=\"\" href=\"https:\/\/www.syncm.net\/?p=353003\"> <span class=\"screen-reader-text\">As 14 obras de Niemeyer no Nordeste Rumo aos 200 anos<\/span> Read More &raquo;<\/a><\/p>\n","protected":false},"author":1,"featured_media":0,"comment_status":"open","ping_status":"open","sticky":false,"template":"","format":"standard","meta":{"site-sidebar-layout":"default","site-content-layout":"","ast-site-content-layout":"","site-content-style":"default","site-sidebar-style":"default","ast-global-header-display":"","ast-banner-title-visibility":"","ast-main-header-display":"","ast-hfb-above-header-display":"","ast-hfb-below-header-display":"","ast-hfb-mobile-header-display":"","site-post-title":"","ast-breadcrumbs-content":"","ast-featured-img":"","footer-sml-layout":"","theme-transparent-header-meta":"","adv-header-id-meta":"","stick-header-meta":"","header-above-stick-meta":"","header-main-stick-meta":"","header-below-stick-meta":"","astra-migrate-meta-layouts":"","footnotes":""},"categories":[3027],"tags":[],"class_list":["post-353003","post","type-post","status-publish","format-standard","hentry","category-parquedonalindu-com"],"_links":{"self":[{"href":"https:\/\/www.syncm.net\/index.php?rest_route=\/wp\/v2\/posts\/353003","targetHints":{"allow":["GET"]}}],"collection":[{"href":"https:\/\/www.syncm.net\/index.php?rest_route=\/wp\/v2\/posts"}],"about":[{"href":"https:\/\/www.syncm.net\/index.php?rest_route=\/wp\/v2\/types\/post"}],"author":[{"embeddable":true,"href":"https:\/\/www.syncm.net\/index.php?rest_route=\/wp\/v2\/users\/1"}],"replies":[{"embeddable":true,"href":"https:\/\/www.syncm.net\/index.php?rest_route=%2Fwp%2Fv2%2Fcomments&post=353003"}],"version-history":[{"count":1,"href":"https:\/\/www.syncm.net\/index.php?rest_route=\/wp\/v2\/posts\/353003\/revisions"}],"predecessor-version":[{"id":353004,"href":"https:\/\/www.syncm.net\/index.php?rest_route=\/wp\/v2\/posts\/353003\/revisions\/353004"}],"wp:attachment":[{"href":"https:\/\/www.syncm.net\/index.php?rest_route=%2Fwp%2Fv2%2Fmedia&parent=353003"}],"wp:term":[{"taxonomy":"category","embeddable":true,"href":"https:\/\/www.syncm.net\/index.php?rest_route=%2Fwp%2Fv2%2Fcategories&post=353003"},{"taxonomy":"post_tag","embeddable":true,"href":"https:\/\/www.syncm.net\/index.php?rest_route=%2Fwp%2Fv2%2Ftags&post=353003"}],"curies":[{"name":"wp","href":"https:\/\/api.w.org\/{rel}","templated":true}]}}